{"id":2549,"date":"2019-03-12T09:01:41","date_gmt":"2019-03-12T09:01:41","guid":{"rendered":"https:\/\/www.fck-basketball.de\/?p=2549"},"modified":"2019-03-12T09:01:51","modified_gmt":"2019-03-12T09:01:51","slug":"u18-jungs-verteidigen-platz-1-in-der-tabelle","status":"publish","type":"post","link":"https:\/\/www.fck-basketball.de\/?p=2549","title":{"rendered":"U18 Jungs verteidigen Platz 1 in der Tabelle"},"content":{"rendered":"<p><img loading=\"lazy\" decoding=\"async\" class=\"wp-image-2550 alignleft\" src=\"https:\/\/www.fck-basketball.de\/wp-content\/uploads\/2019\/03\/U18BB.jpg\" alt=\"\" width=\"219\" height=\"263\" srcset=\"https:\/\/www.fck-basketball.de\/wp-content\/uploads\/2019\/03\/U18BB.jpg 799w, https:\/\/www.fck-basketball.de\/wp-content\/uploads\/2019\/03\/U18BB-250x300.jpg 250w, https:\/\/www.fck-basketball.de\/wp-content\/uploads\/2019\/03\/U18BB-768x923.jpg 768w\" sizes=\"auto, (max-width: 219px) 100vw, 219px\" \/><\/p>\n<p>Am Samstag mussten die Jungs von Coach Mario gegen den Tabellen 2. SG TV Bad D\u00fcrkheim BB- Int. Speyer aufs Parkett. Nach einer hervorragenden ersten Halbzeit (62:22) kam ein kleiner Durchh\u00e4nger im 3. Viertel, doch am Ende gewannen die roten Teufel eindeutig mit 100:60 (29:15, 62:22, 72:39)<\/p>\n<p>Auch bei diesem Spiel zeigten die Lauterer ihre St\u00e4rke von Au\u00dfen und konnten sagenhafte 11 Dreipunktew\u00fcrfe verwandeln.&nbsp;<\/p>\n<p>Top Scorer waren Kapit\u00e4n Manuel &#8222;Mikey&#8220; De Sousa mit 33 Punkten (2 Dreier), Benjamin&nbsp; &#8222;the Clutch&#8220; Weiler 20 Punkte (4 Dreier), Nils &#8222;Short Stuff&#8220; Klein 12 Punkte (2 Dreier), Pepe &#8222;V&#8220; Vigano 10 Punkte.<\/p>\n","protected":false},"excerpt":{"rendered":"<p>Am Samstag mussten die Jungs von Coach Mario gegen den Tabellen 2. SG TV Bad D\u00fcrkheim BB- Int. Speyer aufs Parkett. Nach einer hervorragenden ersten Halbzeit (62:22) kam ein kleiner Durchh\u00e4nger im 3. Viertel, doch am Ende gewannen die roten Teufel eindeutig mit 100:60 (29:15, 62:22, 72:39) Auch bei diesem Spiel zeigten die Lauterer ihre [&hellip;]<\/p>\n","protected":false},"author":1,"featured_media":0,"comment_status":"closed","ping_status":"open","sticky":false,"template":"","format":"standard","meta":{"_uag_custom_page_level_css":"","advgb_blocks_editor_width":"","advgb_blocks_columns_visual_guide":"","ngg_post_thumbnail":0,"ocean_post_layout":"","ocean_both_sidebars_style":"","ocean_both_sidebars_content_width":0,"ocean_both_sidebars_sidebars_width":0,"ocean_sidebar":"0","ocean_second_sidebar":"0","ocean_disable_margins":"enable","ocean_add_body_class":"","ocean_shortcode_before_top_bar":"","ocean_shortcode_after_top_bar":"","ocean_shortcode_before_header":"","ocean_shortcode_after_header":"","ocean_has_shortcode":"","ocean_shortcode_after_title":"","ocean_shortcode_before_footer_widgets":"","ocean_shortcode_after_footer_widgets":"","ocean_shortcode_before_footer_bottom":"","ocean_shortcode_after_footer_bottom":"","ocean_display_top_bar":"default","ocean_display_header":"default","ocean_header_style":"","ocean_center_header_left_menu":"0","ocean_custom_header_template":"0","ocean_custom_logo":0,"ocean_custom_retina_logo":0,"ocean_custom_logo_max_width":0,"ocean_custom_logo_tablet_max_width":0,"ocean_custom_logo_mobile_max_width":0,"ocean_custom_logo_max_height":0,"ocean_custom_logo_tablet_max_height":0,"ocean_custom_logo_mobile_max_height":0,"ocean_header_custom_menu":"0","ocean_menu_typo_font_family":"0","ocean_menu_typo_font_subset":"","ocean_menu_typo_font_size":0,"ocean_menu_typo_font_size_tablet":0,"ocean_menu_typo_font_size_mobile":0,"ocean_menu_typo_font_size_unit":"px","ocean_menu_typo_font_weight":"","ocean_menu_typo_font_weight_tablet":"","ocean_menu_typo_font_weight_mobile":"","ocean_menu_typo_transform":"","ocean_menu_typo_transform_tablet":"","ocean_menu_typo_transform_mobile":"","ocean_menu_typo_line_height":0,"ocean_menu_typo_line_height_tablet":0,"ocean_menu_typo_line_height_mobile":0,"ocean_menu_typo_line_height_unit":"","ocean_menu_typo_spacing":0,"ocean_menu_typo_spacing_tablet":0,"ocean_menu_typo_spacing_mobile":0,"ocean_menu_typo_spacing_unit":"","ocean_menu_link_color":"","ocean_menu_link_color_hover":"","ocean_menu_link_color_active":"","ocean_menu_link_background":"","ocean_menu_link_hover_background":"","ocean_menu_link_active_background":"","ocean_menu_social_links_bg":"","ocean_menu_social_hover_links_bg":"","ocean_menu_social_links_color":"","ocean_menu_social_hover_links_color":"","ocean_disable_title":"default","ocean_disable_heading":"default","ocean_post_title":"","ocean_post_subheading":"","ocean_post_title_style":"","ocean_post_title_background_color":"","ocean_post_title_background":0,"ocean_post_title_bg_image_position":"","ocean_post_title_bg_image_attachment":"","ocean_post_title_bg_image_repeat":"","ocean_post_title_bg_image_size":"","ocean_post_title_height":0,"ocean_post_title_bg_overlay":0.5,"ocean_post_title_bg_overlay_color":"","ocean_disable_breadcrumbs":"default","ocean_breadcrumbs_color":"","ocean_breadcrumbs_separator_color":"","ocean_breadcrumbs_links_color":"","ocean_breadcrumbs_links_hover_color":"","ocean_display_footer_widgets":"default","ocean_display_footer_bottom":"default","ocean_custom_footer_template":"0","ocean_post_oembed":"","ocean_post_self_hosted_media":"","ocean_post_video_embed":"","ocean_link_format":"","ocean_link_format_target":"self","ocean_quote_format":"","ocean_quote_format_link":"post","ocean_gallery_link_images":"off","ocean_gallery_id":[],"footnotes":""},"categories":[44],"tags":[],"class_list":["post-2549","post","type-post","status-publish","format-standard","hentry","category-u-18-ml","entry"],"author_meta":{"display_name":"M. Schmitt","author_link":"https:\/\/www.fck-basketball.de\/?author=1"},"featured_img":null,"uagb_featured_image_src":{"full":false,"thumbnail":false,"medium":false,"medium_large":false,"large":false,"1536x1536":false,"2048x2048":false,"ocean-thumb-m":false,"ocean-thumb-ml":false,"ocean-thumb-l":false},"uagb_author_info":{"display_name":"M. Schmitt","author_link":"https:\/\/www.fck-basketball.de\/?author=1"},"uagb_comment_info":0,"uagb_excerpt":"Am Samstag mussten die Jungs von Coach Mario gegen den Tabellen 2. SG TV Bad D\u00fcrkheim BB- Int. Speyer aufs Parkett. Nach einer hervorragenden ersten Halbzeit (62:22) kam ein kleiner Durchh\u00e4nger im 3. Viertel, doch am Ende gewannen die roten Teufel eindeutig mit 100:60 (29:15, 62:22, 72:39) Auch bei diesem Spiel zeigten die Lauterer ihre&hellip;","coauthors":[],"tax_additional":{"categories":{"linked":["<a href=\"https:\/\/www.fck-basketball.de\/?cat=44\" class=\"advgb-post-tax-term\">U 18 ml<\/a>"],"unlinked":["<span class=\"advgb-post-tax-term\">U 18 ml<\/span>"]}},"comment_count":"0","relative_dates":{"created":"Posted 7\u00a0Jahren ago","modified":"Updated 7\u00a0Jahren ago"},"absolute_dates":{"created":"Posted on 12. M\u00e4rz 2019","modified":"Updated on 12. M\u00e4rz 2019"},"absolute_dates_time":{"created":"Posted on 12. M\u00e4rz 2019 09:01","modified":"Updated on 12. M\u00e4rz 2019 09:01"},"featured_img_caption":"","series_order":"","_links":{"self":[{"href":"https:\/\/www.fck-basketball.de\/index.php?rest_route=\/wp\/v2\/posts\/2549","targetHints":{"allow":["GET"]}}],"collection":[{"href":"https:\/\/www.fck-basketball.de\/index.php?rest_route=\/wp\/v2\/posts"}],"about":[{"href":"https:\/\/www.fck-basketball.de\/index.php?rest_route=\/wp\/v2\/types\/post"}],"author":[{"embeddable":true,"href":"https:\/\/www.fck-basketball.de\/index.php?rest_route=\/wp\/v2\/users\/1"}],"replies":[{"embeddable":true,"href":"https:\/\/www.fck-basketball.de\/index.php?rest_route=%2Fwp%2Fv2%2Fcomments&post=2549"}],"version-history":[{"count":1,"href":"https:\/\/www.fck-basketball.de\/index.php?rest_route=\/wp\/v2\/posts\/2549\/revisions"}],"predecessor-version":[{"id":2551,"href":"https:\/\/www.fck-basketball.de\/index.php?rest_route=\/wp\/v2\/posts\/2549\/revisions\/2551"}],"wp:attachment":[{"href":"https:\/\/www.fck-basketball.de\/index.php?rest_route=%2Fwp%2Fv2%2Fmedia&parent=2549"}],"wp:term":[{"taxonomy":"category","embeddable":true,"href":"https:\/\/www.fck-basketball.de\/index.php?rest_route=%2Fwp%2Fv2%2Fcategories&post=2549"},{"taxonomy":"post_tag","embeddable":true,"href":"https:\/\/www.fck-basketball.de\/index.php?rest_route=%2Fwp%2Fv2%2Ftags&post=2549"}],"curies":[{"name":"wp","href":"https:\/\/api.w.org\/{rel}","templated":true}]}}