{"id":5494,"date":"2023-11-05T18:18:55","date_gmt":"2023-11-05T18:18:55","guid":{"rendered":"https:\/\/www.fck-basketball.de\/?p=5494"},"modified":"2023-11-05T18:18:57","modified_gmt":"2023-11-05T18:18:57","slug":"tolle-defensive-bringt-zweiten-saisonsieg-der-damen","status":"publish","type":"post","link":"https:\/\/www.fck-basketball.de\/?p=5494","title":{"rendered":"Tolle Defensive bringt zweiten Saisonsieg der Damen"},"content":{"rendered":"\n<p>Am Samstag trafen die ersten Damen des FCK auf die SG Speyer\/Schifferstadt. Die FCK M\u00e4dels kamen gut in das Spiel gegen Speyer. Die Mann-Mann-Verteidigung des FCK macht es dem gegnerischen Team nicht leicht. Es wurden tolle M\u00f6glichkeiten unterm Korb freigespielt und der FCK gewann das erste Viertel 17:11.<\/p>\n\n\n\n<p>Im zweiten Viertel blieb die Motivation des FCK hoch. Coach Max wechselte seine Spielerinnen immer wieder geschickt aus. Jede Spielerin bekam die Chance nach einer kleinen Pause frischen Wind auf das Feld zu bringen. Gegen Ende des zweiten Viertels wurden kleinere Fehler gemacht, dennoch konnte der FCK mit einer positiven Bilanz in die Halbzeit gehen.<\/p>\n\n\n\n<p>Der FCK kam motiviert aus der Kabine zur\u00fcck. In der Vergangenheit verschlief der FCK oft das dritte Viertel. Dieses mal passte aber alles und die M\u00e4dels zeigten wie aggressiv sie verteidigen k\u00f6nnen. Jede Spielerin ging bissig auf den Ball und setzten Ihre Gegenspielerinnen unter Druck. Speyer tat sich in diesem Viertel sehr schwer und konnte nur vier Punkte erzielen. Das Viertel gewann der FCK deutlich 45:25.<\/p>\n\n\n\n<p>Im letzten Viertel k\u00e4mpfte sich Speyer nochmal etwas ins Spiel zur\u00fcck. Die FCK Damen konnten in diesem Spiel erneut zeigen, was in jedem einzelnen steckt. Dank der tollen Mann-Mann-Verteidigung und dem \u00fcberragenden Teamgeist wurde der zweite Saisonsieg mit 56:42 f\u00fcr die Lautrer eingefahren.<\/p>\n\n\n\nngg_shortcode_0_placeholder\n","protected":false},"excerpt":{"rendered":"<p>Am Samstag trafen die ersten Damen des FCK auf die SG Speyer\/Schifferstadt. Die FCK M\u00e4dels kamen gut in das Spiel gegen Speyer. Die Mann-Mann-Verteidigung des FCK macht es dem gegnerischen Team nicht leicht. Es wurden tolle M\u00f6glichkeiten unterm Korb freigespielt und der FCK gewann das erste Viertel 17:11. Im zweiten Viertel blieb die Motivation des [&hellip;]<\/p>\n","protected":false},"author":1,"featured_media":5495,"comment_status":"closed","ping_status":"open","sticky":false,"template":"","format":"standard","meta":{"_uag_custom_page_level_css":"","advgb_blocks_editor_width":"default","advgb_blocks_columns_visual_guide":"","ngg_post_thumbnail":0,"ocean_post_layout":"","ocean_both_sidebars_style":"","ocean_both_sidebars_content_width":0,"ocean_both_sidebars_sidebars_width":0,"ocean_sidebar":"","ocean_second_sidebar":"","ocean_disable_margins":"enable","ocean_add_body_class":"","ocean_shortcode_before_top_bar":"","ocean_shortcode_after_top_bar":"","ocean_shortcode_before_header":"","ocean_shortcode_after_header":"","ocean_has_shortcode":"","ocean_shortcode_after_title":"","ocean_shortcode_before_footer_widgets":"","ocean_shortcode_after_footer_widgets":"","ocean_shortcode_before_footer_bottom":"","ocean_shortcode_after_footer_bottom":"","ocean_display_top_bar":"default","ocean_display_header":"default","ocean_header_style":"","ocean_center_header_left_menu":"","ocean_custom_header_template":"","ocean_custom_logo":0,"ocean_custom_retina_logo":0,"ocean_custom_logo_max_width":0,"ocean_custom_logo_tablet_max_width":0,"ocean_custom_logo_mobile_max_width":0,"ocean_custom_logo_max_height":0,"ocean_custom_logo_tablet_max_height":0,"ocean_custom_logo_mobile_max_height":0,"ocean_header_custom_menu":"","ocean_menu_typo_font_family":"","ocean_menu_typo_font_subset":"","ocean_menu_typo_font_size":0,"ocean_menu_typo_font_size_tablet":0,"ocean_menu_typo_font_size_mobile":0,"ocean_menu_typo_font_size_unit":"px","ocean_menu_typo_font_weight":"","ocean_menu_typo_font_weight_tablet":"","ocean_menu_typo_font_weight_mobile":"","ocean_menu_typo_transform":"","ocean_menu_typo_transform_tablet":"","ocean_menu_typo_transform_mobile":"","ocean_menu_typo_line_height":0,"ocean_menu_typo_line_height_tablet":0,"ocean_menu_typo_line_height_mobile":0,"ocean_menu_typo_line_height_unit":"","ocean_menu_typo_spacing":0,"ocean_menu_typo_spacing_tablet":0,"ocean_menu_typo_spacing_mobile":0,"ocean_menu_typo_spacing_unit":"","ocean_menu_link_color":"","ocean_menu_link_color_hover":"","ocean_menu_link_color_active":"","ocean_menu_link_background":"","ocean_menu_link_hover_background":"","ocean_menu_link_active_background":"","ocean_menu_social_links_bg":"","ocean_menu_social_hover_links_bg":"","ocean_menu_social_links_color":"","ocean_menu_social_hover_links_color":"","ocean_disable_title":"default","ocean_disable_heading":"default","ocean_post_title":"","ocean_post_subheading":"","ocean_post_title_style":"","ocean_post_title_background_color":"","ocean_post_title_background":0,"ocean_post_title_bg_image_position":"","ocean_post_title_bg_image_attachment":"","ocean_post_title_bg_image_repeat":"","ocean_post_title_bg_image_size":"","ocean_post_title_height":0,"ocean_post_title_bg_overlay":0.5,"ocean_post_title_bg_overlay_color":"","ocean_disable_breadcrumbs":"default","ocean_breadcrumbs_color":"","ocean_breadcrumbs_separator_color":"","ocean_breadcrumbs_links_color":"","ocean_breadcrumbs_links_hover_color":"","ocean_display_footer_widgets":"default","ocean_display_footer_bottom":"default","ocean_custom_footer_template":"","ocean_post_oembed":"","ocean_post_self_hosted_media":"","ocean_post_video_embed":"","ocean_link_format":"","ocean_link_format_target":"self","ocean_quote_format":"","ocean_quote_format_link":"post","ocean_gallery_link_images":"on","ocean_gallery_id":[],"footnotes":""},"categories":[67,66,38],"tags":[],"class_list":["post-5494","post","type-post","status-publish","format-standard","has-post-thumbnail","hentry","category-aktuelles","category-archiv","category-damen","entry","has-media"],"author_meta":{"display_name":"M. Schmitt","author_link":"https:\/\/www.fck-basketball.de\/?author=1"},"featured_img":"https:\/\/www.fck-basketball.de\/wp-content\/uploads\/2023\/11\/FCK_BB_Damen_Spieltag_20231104_263-300x200.jpg","uagb_featured_image_src":{"full":["https:\/\/www.fck-basketball.de\/wp-content\/uploads\/2023\/11\/FCK_BB_Damen_Spieltag_20231104_263-scaled.jpg",2560,1707,false],"thumbnail":["https:\/\/www.fck-basketball.de\/wp-content\/uploads\/2023\/11\/FCK_BB_Damen_Spieltag_20231104_263-150x150.jpg",150,150,true],"medium":["https:\/\/www.fck-basketball.de\/wp-content\/uploads\/2023\/11\/FCK_BB_Damen_Spieltag_20231104_263-300x200.jpg",300,200,true],"medium_large":["https:\/\/www.fck-basketball.de\/wp-content\/uploads\/2023\/11\/FCK_BB_Damen_Spieltag_20231104_263-768x512.jpg",768,512,true],"large":["https:\/\/www.fck-basketball.de\/wp-content\/uploads\/2023\/11\/FCK_BB_Damen_Spieltag_20231104_263-1024x683.jpg",1024,683,true],"1536x1536":["https:\/\/www.fck-basketball.de\/wp-content\/uploads\/2023\/11\/FCK_BB_Damen_Spieltag_20231104_263-1536x1024.jpg",1536,1024,true],"2048x2048":["https:\/\/www.fck-basketball.de\/wp-content\/uploads\/2023\/11\/FCK_BB_Damen_Spieltag_20231104_263-2048x1365.jpg",2048,1365,true],"ocean-thumb-m":["https:\/\/www.fck-basketball.de\/wp-content\/uploads\/2023\/11\/FCK_BB_Damen_Spieltag_20231104_263-600x600.jpg",600,600,true],"ocean-thumb-ml":["https:\/\/www.fck-basketball.de\/wp-content\/uploads\/2023\/11\/FCK_BB_Damen_Spieltag_20231104_263-800x450.jpg",800,450,true],"ocean-thumb-l":["https:\/\/www.fck-basketball.de\/wp-content\/uploads\/2023\/11\/FCK_BB_Damen_Spieltag_20231104_263-1200x700.jpg",1200,700,true]},"uagb_author_info":{"display_name":"M. Schmitt","author_link":"https:\/\/www.fck-basketball.de\/?author=1"},"uagb_comment_info":0,"uagb_excerpt":"Am Samstag trafen die ersten Damen des FCK auf die SG Speyer\/Schifferstadt. Die FCK M\u00e4dels kamen gut in das Spiel gegen Speyer. Die Mann-Mann-Verteidigung des FCK macht es dem gegnerischen Team nicht leicht. Es wurden tolle M\u00f6glichkeiten unterm Korb freigespielt und der FCK gewann das erste Viertel 17:11. Im zweiten Viertel blieb die Motivation des&hellip;","coauthors":[],"tax_additional":{"categories":{"linked":["<a href=\"https:\/\/www.fck-basketball.de\/?cat=67\" class=\"advgb-post-tax-term\">Aktuelles<\/a>","<a href=\"https:\/\/www.fck-basketball.de\/?cat=66\" class=\"advgb-post-tax-term\">Archiv<\/a>","<a href=\"https:\/\/www.fck-basketball.de\/?cat=38\" class=\"advgb-post-tax-term\">Damen I<\/a>"],"unlinked":["<span class=\"advgb-post-tax-term\">Aktuelles<\/span>","<span class=\"advgb-post-tax-term\">Archiv<\/span>","<span class=\"advgb-post-tax-term\">Damen I<\/span>"]}},"comment_count":"0","relative_dates":{"created":"Posted 2\u00a0Jahren ago","modified":"Updated 2\u00a0Jahren ago"},"absolute_dates":{"created":"Posted on 5. November 2023","modified":"Updated on 5. November 2023"},"absolute_dates_time":{"created":"Posted on 5. November 2023 18:18","modified":"Updated on 5. November 2023 18:18"},"featured_img_caption":"","series_order":"","_links":{"self":[{"href":"https:\/\/www.fck-basketball.de\/index.php?rest_route=\/wp\/v2\/posts\/5494","targetHints":{"allow":["GET"]}}],"collection":[{"href":"https:\/\/www.fck-basketball.de\/index.php?rest_route=\/wp\/v2\/posts"}],"about":[{"href":"https:\/\/www.fck-basketball.de\/index.php?rest_route=\/wp\/v2\/types\/post"}],"author":[{"embeddable":true,"href":"https:\/\/www.fck-basketball.de\/index.php?rest_route=\/wp\/v2\/users\/1"}],"replies":[{"embeddable":true,"href":"https:\/\/www.fck-basketball.de\/index.php?rest_route=%2Fwp%2Fv2%2Fcomments&post=5494"}],"version-history":[{"count":1,"href":"https:\/\/www.fck-basketball.de\/index.php?rest_route=\/wp\/v2\/posts\/5494\/revisions"}],"predecessor-version":[{"id":5496,"href":"https:\/\/www.fck-basketball.de\/index.php?rest_route=\/wp\/v2\/posts\/5494\/revisions\/5496"}],"wp:featuredmedia":[{"embeddable":true,"href":"https:\/\/www.fck-basketball.de\/index.php?rest_route=\/wp\/v2\/media\/5495"}],"wp:attachment":[{"href":"https:\/\/www.fck-basketball.de\/index.php?rest_route=%2Fwp%2Fv2%2Fmedia&parent=5494"}],"wp:term":[{"taxonomy":"category","embeddable":true,"href":"https:\/\/www.fck-basketball.de\/index.php?rest_route=%2Fwp%2Fv2%2Fcategories&post=5494"},{"taxonomy":"post_tag","embeddable":true,"href":"https:\/\/www.fck-basketball.de\/index.php?rest_route=%2Fwp%2Fv2%2Ftags&post=5494"}],"curies":[{"name":"wp","href":"https:\/\/api.w.org\/{rel}","templated":true}]}}