{"id":5894,"date":"2024-08-01T09:10:58","date_gmt":"2024-08-01T09:10:58","guid":{"rendered":"https:\/\/www.fck-basketball.de\/?p=5894"},"modified":"2024-08-01T09:10:59","modified_gmt":"2024-08-01T09:10:59","slug":"waldemar-nap-ist-wieder-zurueck","status":"publish","type":"post","link":"https:\/\/www.fck-basketball.de\/?p=5894","title":{"rendered":"Waldemar Nap ist wieder zur\u00fcck"},"content":{"rendered":"\n<p>Es war im November 2019, als Waldemar Nap nur wenige Wochen nach seiner Demission bereits von einer m\u00f6glichen R\u00fcckkehr zu den Korbj\u00e4gern des 1. FC Kaiserslautern sprach. F\u00fcnf Jahre sp\u00e4ter ist es nun soweit: Der sprunggewaltige Forward und amtierende Topscorer der Basketball-Oberliga wird ab der kommenden Saison wieder f\u00fcr die Rot-Wei\u00dfen spielen. Dass der geb\u00fcrtige Kasache dann eine F\u00fchrungsrolle \u00fcbernehmen wird, steht au\u00dfer Frage.<br>Nap z\u00e4hlte in seinen vier Jahren bei den Rot-Wei\u00dfen stets zu den Leistungstr\u00e4gern und hielt dank seiner Athletik und Durchsetzungsf\u00e4higkeit unter dem Korb eine gro\u00dfe Aktie daran, dass sich der FCK in der Ersten Regionalliga etablieren konnte. Die krachenden Dunkings des 2,01-Meter-H\u00fcnen alleine waren schon oftmals das Eintrittsgeld wert. Kein Wunder also, dass ihm w\u00e4hrend dieser Zeit auch das ein oder andere Angebot h\u00f6herklassiger Vereine ins Haus flatterte. Das passende Gesamtpaket war jedoch nicht dabei. M\u00f6gliche Engagements scheiterten daran, dass Aufwand und Ertrag in einem Missverh\u00e4ltnis standen.<br>Einige Jahre zuvor schien der Traum von der Profikarriere erstmals zum Greifen nah, als sich Nap zur Spielzeit 2014\/15 im Alter von 23 Jahren als Perspektivspieler dem damaligen ProB-Zweitligisten Saarlouis Royals anschloss. Nach vier erfolgreichen Jahren im Trikot des 1. FC Kaiserslautern endete die Zusammenarbeit zwischen dem physisch starken Modellathleten und den Rot-Wei\u00dfen quasi \u00fcber Nacht. Unterschiedliche Auffassungen zwischen Nap, dem damaligen Management und dem ehemaligen Headcoach bez\u00fcglich eines w\u00e4hrend der Saisonvorbereitung angetretenen Urlaubs m\u00fcndeten in eine vorzeitige Vertragsaufl\u00f6sung.<br>F\u00fcr die Roten Teufel ging es unter dem neuen Trainer steil bergab, innerhalb von drei Jahren stieg die Mannschaft zweimal ab und landete somit in der sechstklassigen Oberliga, die Nap in den vergangenen f\u00fcnf Jahren fast nach Belieben dominierte.<br>Nach dem vorzeitigen Aus beim FCK hatte es den Mann mit der au\u00dfergew\u00f6hnlichen Sprungkraft kurzzeitig zu seinem Heimatverein TV Kirchheimbolanden gezogen, den er in der Landesliga von Sieg zu Sieg f\u00fchrte. Es folgte jedoch schnell der Wechsel zur DJK Nieder-Olm, f\u00fcr die er in der vergangenen Saison im Schnitt \u00fcber 30 Punkte pro Spiel erzielte und sich damit die Korbj\u00e4gerkrone sicherte.<br>\u201eIch habe mich nicht f\u00fcr die Oberliga entschieden, aber das Leben geht weiter und Nieder-Olm liegt in der N\u00e4he von meinem Wohnort. Die Familie und der Beruf stehen jetzt im Vordergrund, da bleibt nicht mehr die Zeit, um drei- bis viermal in der Woche zu trainieren\u201c, sagte Nap vor dem Gastspiel seiner Mannschaft beim FCK Ende November letzten Jahres.<br>Nun also der Wechsel zu Ligarivale Kaiserslautern. \u201eEs freut uns nat\u00fcrlich, dass Waldemar wieder dabei ist. Der Kontakt ist nie so ganz abgerissen und wurde letztes Jahr intensiver. Er hat dann mal im Training vorbeigeschaut und es war, als w\u00e4re er nie weg gewesen\u201c, berichtet Thomas Erb, der auch in der kommenden Saison gemeinsam mit Micheal Skender auf der Kommandobr\u00fccke stehen wird. \u201eWaldemar ist ein Mensch, der sagt, was er denkt und sein Herz auf der Zunge tr\u00e4gt, das gef\u00e4llt mir\u201c, betont der spielende Co-Trainer.<br>Die Mannschaft hat inzwischen die Vorbereitung aufgenommen, wobei aufgrund geschlossener Hallen aktuell das Lauftraining im Vordergrund steht. Mit Austin Parker von Ligarivale Zweibr\u00fccken steht ein weiterer Neuzugang fest, der dabei helfen soll, dass die Westpf\u00e4lzer in der kommenden Saison oben mitspielen. \u201eNat\u00fcrlich ist der Aufstieg f\u00fcr uns ein Thema, aber ob das klappt, h\u00e4ngt auch immer davon ab, was die Konkurrenz so macht\u201c, stellt Erb unmissverst\u00e4ndlich klar. Absteiger Saarbr\u00fccken und die Zweitvertretung von ProA-Zweitligist Koblenz werden im Kampf um die Meisterschaft auf jeden Fall ein W\u00f6rtchen mitreden wollen. Die Saison startet Mitte September.<\/p>\n\n\n\n<p>Text: Karsten Kalbheim, \u00a9Die Rheinpfalz, 01.08.2024<\/p>\n\n\n\n<figure class=\"wp-block-image size-large\"><img loading=\"lazy\" decoding=\"async\" width=\"1024\" height=\"682\" src=\"https:\/\/www.fck-basketball.de\/wp-content\/uploads\/2018\/11\/Basketball_Herren_23.-September-2018_13-1024x682.jpg\" alt=\"\" class=\"wp-image-1005\" srcset=\"https:\/\/www.fck-basketball.de\/wp-content\/uploads\/2018\/11\/Basketball_Herren_23.-September-2018_13-1024x682.jpg 1024w, https:\/\/www.fck-basketball.de\/wp-content\/uploads\/2018\/11\/Basketball_Herren_23.-September-2018_13-300x200.jpg 300w, https:\/\/www.fck-basketball.de\/wp-content\/uploads\/2018\/11\/Basketball_Herren_23.-September-2018_13-768x512.jpg 768w, https:\/\/www.fck-basketball.de\/wp-content\/uploads\/2018\/11\/Basketball_Herren_23.-September-2018_13.jpg 1732w\" sizes=\"auto, (max-width: 1024px) 100vw, 1024px\" \/><\/figure>\n","protected":false},"excerpt":{"rendered":"<p>Es war im November 2019, als Waldemar Nap nur wenige Wochen nach seiner Demission bereits von einer m\u00f6glichen R\u00fcckkehr zu den Korbj\u00e4gern des 1. FC Kaiserslautern sprach. F\u00fcnf Jahre sp\u00e4ter ist es nun soweit: Der sprunggewaltige Forward und amtierende Topscorer der Basketball-Oberliga wird ab der kommenden Saison wieder f\u00fcr die Rot-Wei\u00dfen spielen. Dass der geb\u00fcrtige [&hellip;]<\/p>\n","protected":false},"author":1,"featured_media":2399,"comment_status":"closed","ping_status":"open","sticky":false,"template":"","format":"standard","meta":{"_uag_custom_page_level_css":"","advgb_blocks_editor_width":"default","advgb_blocks_columns_visual_guide":"","ngg_post_thumbnail":0,"ocean_post_layout":"","ocean_both_sidebars_style":"","ocean_both_sidebars_content_width":0,"ocean_both_sidebars_sidebars_width":0,"ocean_sidebar":"","ocean_second_sidebar":"","ocean_disable_margins":"enable","ocean_add_body_class":"","ocean_shortcode_before_top_bar":"","ocean_shortcode_after_top_bar":"","ocean_shortcode_before_header":"","ocean_shortcode_after_header":"","ocean_has_shortcode":"","ocean_shortcode_after_title":"","ocean_shortcode_before_footer_widgets":"","ocean_shortcode_after_footer_widgets":"","ocean_shortcode_before_footer_bottom":"","ocean_shortcode_after_footer_bottom":"","ocean_display_top_bar":"default","ocean_display_header":"default","ocean_header_style":"","ocean_center_header_left_menu":"","ocean_custom_header_template":"","ocean_custom_logo":0,"ocean_custom_retina_logo":0,"ocean_custom_logo_max_width":0,"ocean_custom_logo_tablet_max_width":0,"ocean_custom_logo_mobile_max_width":0,"ocean_custom_logo_max_height":0,"ocean_custom_logo_tablet_max_height":0,"ocean_custom_logo_mobile_max_height":0,"ocean_header_custom_menu":"","ocean_menu_typo_font_family":"","ocean_menu_typo_font_subset":"","ocean_menu_typo_font_size":0,"ocean_menu_typo_font_size_tablet":0,"ocean_menu_typo_font_size_mobile":0,"ocean_menu_typo_font_size_unit":"px","ocean_menu_typo_font_weight":"","ocean_menu_typo_font_weight_tablet":"","ocean_menu_typo_font_weight_mobile":"","ocean_menu_typo_transform":"","ocean_menu_typo_transform_tablet":"","ocean_menu_typo_transform_mobile":"","ocean_menu_typo_line_height":0,"ocean_menu_typo_line_height_tablet":0,"ocean_menu_typo_line_height_mobile":0,"ocean_menu_typo_line_height_unit":"","ocean_menu_typo_spacing":0,"ocean_menu_typo_spacing_tablet":0,"ocean_menu_typo_spacing_mobile":0,"ocean_menu_typo_spacing_unit":"","ocean_menu_link_color":"","ocean_menu_link_color_hover":"","ocean_menu_link_color_active":"","ocean_menu_link_background":"","ocean_menu_link_hover_background":"","ocean_menu_link_active_background":"","ocean_menu_social_links_bg":"","ocean_menu_social_hover_links_bg":"","ocean_menu_social_links_color":"","ocean_menu_social_hover_links_color":"","ocean_disable_title":"default","ocean_disable_heading":"default","ocean_post_title":"","ocean_post_subheading":"","ocean_post_title_style":"","ocean_post_title_background_color":"","ocean_post_title_background":0,"ocean_post_title_bg_image_position":"","ocean_post_title_bg_image_attachment":"","ocean_post_title_bg_image_repeat":"","ocean_post_title_bg_image_size":"","ocean_post_title_height":0,"ocean_post_title_bg_overlay":0.5,"ocean_post_title_bg_overlay_color":"","ocean_disable_breadcrumbs":"default","ocean_breadcrumbs_color":"","ocean_breadcrumbs_separator_color":"","ocean_breadcrumbs_links_color":"","ocean_breadcrumbs_links_hover_color":"","ocean_display_footer_widgets":"default","ocean_display_footer_bottom":"default","ocean_custom_footer_template":"","ocean_post_oembed":"","ocean_post_self_hosted_media":"","ocean_post_video_embed":"","ocean_link_format":"","ocean_link_format_target":"self","ocean_quote_format":"","ocean_quote_format_link":"post","ocean_gallery_link_images":"on","ocean_gallery_id":[],"footnotes":""},"categories":[67,66,34],"tags":[],"class_list":["post-5894","post","type-post","status-publish","format-standard","has-post-thumbnail","hentry","category-aktuelles","category-archiv","category-herren-1","entry","has-media"],"author_meta":{"display_name":"M. Schmitt","author_link":"https:\/\/www.fck-basketball.de\/?author=1"},"featured_img":"https:\/\/www.fck-basketball.de\/wp-content\/uploads\/2019\/02\/BB_Herren_08.-April-2018_15-249x300.jpg","uagb_featured_image_src":{"full":["https:\/\/www.fck-basketball.de\/wp-content\/uploads\/2019\/02\/BB_Herren_08.-April-2018_15.jpg",1289,1551,false],"thumbnail":["https:\/\/www.fck-basketball.de\/wp-content\/uploads\/2019\/02\/BB_Herren_08.-April-2018_15-150x150.jpg",150,150,true],"medium":["https:\/\/www.fck-basketball.de\/wp-content\/uploads\/2019\/02\/BB_Herren_08.-April-2018_15-249x300.jpg",249,300,true],"medium_large":["https:\/\/www.fck-basketball.de\/wp-content\/uploads\/2019\/02\/BB_Herren_08.-April-2018_15-768x924.jpg",768,924,true],"large":["https:\/\/www.fck-basketball.de\/wp-content\/uploads\/2019\/02\/BB_Herren_08.-April-2018_15-851x1024.jpg",851,1024,true],"1536x1536":["https:\/\/www.fck-basketball.de\/wp-content\/uploads\/2019\/02\/BB_Herren_08.-April-2018_15.jpg",1277,1536,false],"2048x2048":["https:\/\/www.fck-basketball.de\/wp-content\/uploads\/2019\/02\/BB_Herren_08.-April-2018_15.jpg",1289,1551,false],"ocean-thumb-m":["https:\/\/www.fck-basketball.de\/wp-content\/uploads\/2019\/02\/BB_Herren_08.-April-2018_15.jpg",499,600,false],"ocean-thumb-ml":["https:\/\/www.fck-basketball.de\/wp-content\/uploads\/2019\/02\/BB_Herren_08.-April-2018_15.jpg",374,450,false],"ocean-thumb-l":["https:\/\/www.fck-basketball.de\/wp-content\/uploads\/2019\/02\/BB_Herren_08.-April-2018_15.jpg",582,700,false]},"uagb_author_info":{"display_name":"M. Schmitt","author_link":"https:\/\/www.fck-basketball.de\/?author=1"},"uagb_comment_info":0,"uagb_excerpt":"Es war im November 2019, als Waldemar Nap nur wenige Wochen nach seiner Demission bereits von einer m\u00f6glichen R\u00fcckkehr zu den Korbj\u00e4gern des 1. FC Kaiserslautern sprach. F\u00fcnf Jahre sp\u00e4ter ist es nun soweit: Der sprunggewaltige Forward und amtierende Topscorer der Basketball-Oberliga wird ab der kommenden Saison wieder f\u00fcr die Rot-Wei\u00dfen spielen. Dass der geb\u00fcrtige&hellip;","coauthors":[],"tax_additional":{"categories":{"linked":["<a href=\"https:\/\/www.fck-basketball.de\/?cat=67\" class=\"advgb-post-tax-term\">Aktuelles<\/a>","<a href=\"https:\/\/www.fck-basketball.de\/?cat=66\" class=\"advgb-post-tax-term\">Archiv<\/a>","<a href=\"https:\/\/www.fck-basketball.de\/?cat=34\" class=\"advgb-post-tax-term\">Herren I<\/a>"],"unlinked":["<span class=\"advgb-post-tax-term\">Aktuelles<\/span>","<span class=\"advgb-post-tax-term\">Archiv<\/span>","<span class=\"advgb-post-tax-term\">Herren I<\/span>"]}},"comment_count":"0","relative_dates":{"created":"Posted 2\u00a0Jahren ago","modified":"Updated 2\u00a0Jahren ago"},"absolute_dates":{"created":"Posted on 1. August 2024","modified":"Updated on 1. August 2024"},"absolute_dates_time":{"created":"Posted on 1. August 2024 09:10","modified":"Updated on 1. August 2024 09:10"},"featured_img_caption":"","series_order":"","_links":{"self":[{"href":"https:\/\/www.fck-basketball.de\/index.php?rest_route=\/wp\/v2\/posts\/5894","targetHints":{"allow":["GET"]}}],"collection":[{"href":"https:\/\/www.fck-basketball.de\/index.php?rest_route=\/wp\/v2\/posts"}],"about":[{"href":"https:\/\/www.fck-basketball.de\/index.php?rest_route=\/wp\/v2\/types\/post"}],"author":[{"embeddable":true,"href":"https:\/\/www.fck-basketball.de\/index.php?rest_route=\/wp\/v2\/users\/1"}],"replies":[{"embeddable":true,"href":"https:\/\/www.fck-basketball.de\/index.php?rest_route=%2Fwp%2Fv2%2Fcomments&post=5894"}],"version-history":[{"count":2,"href":"https:\/\/www.fck-basketball.de\/index.php?rest_route=\/wp\/v2\/posts\/5894\/revisions"}],"predecessor-version":[{"id":5896,"href":"https:\/\/www.fck-basketball.de\/index.php?rest_route=\/wp\/v2\/posts\/5894\/revisions\/5896"}],"wp:featuredmedia":[{"embeddable":true,"href":"https:\/\/www.fck-basketball.de\/index.php?rest_route=\/wp\/v2\/media\/2399"}],"wp:attachment":[{"href":"https:\/\/www.fck-basketball.de\/index.php?rest_route=%2Fwp%2Fv2%2Fmedia&parent=5894"}],"wp:term":[{"taxonomy":"category","embeddable":true,"href":"https:\/\/www.fck-basketball.de\/index.php?rest_route=%2Fwp%2Fv2%2Fcategories&post=5894"},{"taxonomy":"post_tag","embeddable":true,"href":"https:\/\/www.fck-basketball.de\/index.php?rest_route=%2Fwp%2Fv2%2Ftags&post=5894"}],"curies":[{"name":"wp","href":"https:\/\/api.w.org\/{rel}","templated":true}]}}