{"id":6429,"date":"2026-03-13T10:46:33","date_gmt":"2026-03-13T10:46:33","guid":{"rendered":"https:\/\/www.fck-basketball.de\/?p=6429"},"modified":"2026-03-13T10:47:49","modified_gmt":"2026-03-13T10:47:49","slug":"fck-basketball-trauert-um-annemarie-becker","status":"publish","type":"post","link":"https:\/\/www.fck-basketball.de\/?p=6429","title":{"rendered":"FCK Basketball trauert um Annemarie Becker"},"content":{"rendered":"\n<p><em><strong>\u00dcber mehr als 20 Jahre eine verl\u00e4ssliche Unterst\u00fctzerin des FCK Basketball<\/strong><\/em><\/p>\n\n\n\n<p>Mit gro\u00dfer Trauer nehmen wir Abschied von Annemarie Becker, geboren am 1. August 1936, die \u00fcber viele Jahrzehnte hinweg die Entwicklung der heutigen Jakob Becker Gruppe ma\u00dfgeblich gepr\u00e4gt hat.<br>Die Wurzeln des Familienunternehmens reichen bis ins Jahr 1898 zur\u00fcck. Mit ihrem Unternehmergeist, ihrer Entschlossenheit und ihrer klaren Haltung hat Annemarie Becker die Entwicklung des Unternehmens \u00fcber Generationen hinweg entscheidend mitgestaltet.<br>Auch unsere Basketballabteilung des 1. FC Kaiserslautern durfte \u00fcber viele Jahre von dieser Haltung und Unterst\u00fctzung profitieren. Seit \u00fcber 20 Jahren unterst\u00fctzt die Jakob Becker Gruppe unseren Basketball. Annemarie Becker war dabei eine unserer treuesten Sponsorinnen und ein verl\u00e4sslicher Pfeiler in unserem Finanzhaushalt.<br>W\u00e4hrend seiner Zeit als Abteilungsleiter durfte Gerd Schmidt-Z\u00f6llner zahlreiche Gespr\u00e4che mit ihr f\u00fchren. Sp\u00e4ter setzte die Gesch\u00e4ftsleitung diese Unterst\u00fctzung in gleicher Weise fort, stets mit dem klaren Bekenntnis, den FCK Basketball weiterhin zu f\u00f6rdern.<br>Mit gro\u00dfer Freude besuchte Annemarie Becker immer wieder die Heimspiele unserer ersten Herrenmannschaft und verfolgte diese mit echter Leidenschaft und sichtbarer Verbundenheit zum Team.<br>Seit \u00fcber 20 Jahren tr\u00e4gt unsere 1. Mannschaft mit Stolz das Firmenlogo auf ihrer Brust, ein sichtbares Zeichen dieser besonderen und langj\u00e4hrigen Partnerschaft.<br>Mit Annemarie Becker verliert unser Verein eine au\u00dfergew\u00f6hnliche Pers\u00f6nlichkeit und eine treue Unterst\u00fctzerin. Ihr Engagement f\u00fcr unseren Basketball und ihre Verbundenheit zu unserem Verein werden uns stets in dankbarer Erinnerung bleiben.<\/p>\n\n\n\n<p>Unser aufrichtiges Mitgef\u00fchl gilt ihrer Familie und allen Angeh\u00f6rigen.<\/p>\n\n\n\n<p>Die Basketballabteilung des 1. FC Kaiserslautern<\/p>\n","protected":false},"excerpt":{"rendered":"<p>\u00dcber mehr als 20 Jahre eine verl\u00e4ssliche Unterst\u00fctzerin des FCK Basketball Mit gro\u00dfer Trauer nehmen wir Abschied von Annemarie Becker, geboren am 1. August 1936, die \u00fcber viele Jahrzehnte hinweg die Entwicklung der heutigen Jakob Becker Gruppe ma\u00dfgeblich gepr\u00e4gt hat.Die Wurzeln des Familienunternehmens reichen bis ins Jahr 1898 zur\u00fcck. Mit ihrem Unternehmergeist, ihrer Entschlossenheit und [&hellip;]<\/p>\n","protected":false},"author":1,"featured_media":5883,"comment_status":"closed","ping_status":"open","sticky":false,"template":"","format":"standard","meta":{"_uag_custom_page_level_css":"","advgb_blocks_editor_width":"default","advgb_blocks_columns_visual_guide":"","ngg_post_thumbnail":0,"ocean_post_layout":"","ocean_both_sidebars_style":"","ocean_both_sidebars_content_width":0,"ocean_both_sidebars_sidebars_width":0,"ocean_sidebar":"","ocean_second_sidebar":"","ocean_disable_margins":"enable","ocean_add_body_class":"","ocean_shortcode_before_top_bar":"","ocean_shortcode_after_top_bar":"","ocean_shortcode_before_header":"","ocean_shortcode_after_header":"","ocean_has_shortcode":"","ocean_shortcode_after_title":"","ocean_shortcode_before_footer_widgets":"","ocean_shortcode_after_footer_widgets":"","ocean_shortcode_before_footer_bottom":"","ocean_shortcode_after_footer_bottom":"","ocean_display_top_bar":"default","ocean_display_header":"default","ocean_header_style":"","ocean_center_header_left_menu":"","ocean_custom_header_template":"","ocean_custom_logo":0,"ocean_custom_retina_logo":0,"ocean_custom_logo_max_width":0,"ocean_custom_logo_tablet_max_width":0,"ocean_custom_logo_mobile_max_width":0,"ocean_custom_logo_max_height":0,"ocean_custom_logo_tablet_max_height":0,"ocean_custom_logo_mobile_max_height":0,"ocean_header_custom_menu":"","ocean_menu_typo_font_family":"","ocean_menu_typo_font_subset":"","ocean_menu_typo_font_size":0,"ocean_menu_typo_font_size_tablet":0,"ocean_menu_typo_font_size_mobile":0,"ocean_menu_typo_font_size_unit":"px","ocean_menu_typo_font_weight":"","ocean_menu_typo_font_weight_tablet":"","ocean_menu_typo_font_weight_mobile":"","ocean_menu_typo_transform":"","ocean_menu_typo_transform_tablet":"","ocean_menu_typo_transform_mobile":"","ocean_menu_typo_line_height":0,"ocean_menu_typo_line_height_tablet":0,"ocean_menu_typo_line_height_mobile":0,"ocean_menu_typo_line_height_unit":"","ocean_menu_typo_spacing":0,"ocean_menu_typo_spacing_tablet":0,"ocean_menu_typo_spacing_mobile":0,"ocean_menu_typo_spacing_unit":"","ocean_menu_link_color":"","ocean_menu_link_color_hover":"","ocean_menu_link_color_active":"","ocean_menu_link_background":"","ocean_menu_link_hover_background":"","ocean_menu_link_active_background":"","ocean_menu_social_links_bg":"","ocean_menu_social_hover_links_bg":"","ocean_menu_social_links_color":"","ocean_menu_social_hover_links_color":"","ocean_disable_title":"default","ocean_disable_heading":"default","ocean_post_title":"","ocean_post_subheading":"","ocean_post_title_style":"","ocean_post_title_background_color":"","ocean_post_title_background":0,"ocean_post_title_bg_image_position":"","ocean_post_title_bg_image_attachment":"","ocean_post_title_bg_image_repeat":"","ocean_post_title_bg_image_size":"","ocean_post_title_height":0,"ocean_post_title_bg_overlay":0.5,"ocean_post_title_bg_overlay_color":"","ocean_disable_breadcrumbs":"default","ocean_breadcrumbs_color":"","ocean_breadcrumbs_separator_color":"","ocean_breadcrumbs_links_color":"","ocean_breadcrumbs_links_hover_color":"","ocean_display_footer_widgets":"default","ocean_display_footer_bottom":"default","ocean_custom_footer_template":"","ocean_post_oembed":"","ocean_post_self_hosted_media":"","ocean_post_video_embed":"","ocean_link_format":"","ocean_link_format_target":"self","ocean_quote_format":"","ocean_quote_format_link":"post","ocean_gallery_link_images":"on","ocean_gallery_id":[],"footnotes":""},"categories":[67],"tags":[],"class_list":["post-6429","post","type-post","status-publish","format-standard","has-post-thumbnail","hentry","category-aktuelles","entry","has-media"],"author_meta":{"display_name":"M. Schmitt","author_link":"https:\/\/www.fck-basketball.de\/?author=1"},"featured_img":"https:\/\/www.fck-basketball.de\/wp-content\/uploads\/2024\/04\/candle-2038736_1920-300x200.jpg","uagb_featured_image_src":{"full":["https:\/\/www.fck-basketball.de\/wp-content\/uploads\/2024\/04\/candle-2038736_1920.jpg",1600,1067,false],"thumbnail":["https:\/\/www.fck-basketball.de\/wp-content\/uploads\/2024\/04\/candle-2038736_1920-150x150.jpg",150,150,true],"medium":["https:\/\/www.fck-basketball.de\/wp-content\/uploads\/2024\/04\/candle-2038736_1920-300x200.jpg",300,200,true],"medium_large":["https:\/\/www.fck-basketball.de\/wp-content\/uploads\/2024\/04\/candle-2038736_1920-768x512.jpg",768,512,true],"large":["https:\/\/www.fck-basketball.de\/wp-content\/uploads\/2024\/04\/candle-2038736_1920-1024x683.jpg",1024,683,true],"1536x1536":["https:\/\/www.fck-basketball.de\/wp-content\/uploads\/2024\/04\/candle-2038736_1920-1536x1024.jpg",1536,1024,true],"2048x2048":["https:\/\/www.fck-basketball.de\/wp-content\/uploads\/2024\/04\/candle-2038736_1920.jpg",1600,1067,false],"ocean-thumb-m":["https:\/\/www.fck-basketball.de\/wp-content\/uploads\/2024\/04\/candle-2038736_1920-600x600.jpg",600,600,true],"ocean-thumb-ml":["https:\/\/www.fck-basketball.de\/wp-content\/uploads\/2024\/04\/candle-2038736_1920-800x450.jpg",800,450,true],"ocean-thumb-l":["https:\/\/www.fck-basketball.de\/wp-content\/uploads\/2024\/04\/candle-2038736_1920-1200x700.jpg",1200,700,true]},"uagb_author_info":{"display_name":"M. Schmitt","author_link":"https:\/\/www.fck-basketball.de\/?author=1"},"uagb_comment_info":0,"uagb_excerpt":"\u00dcber mehr als 20 Jahre eine verl\u00e4ssliche Unterst\u00fctzerin des FCK Basketball Mit gro\u00dfer Trauer nehmen wir Abschied von Annemarie Becker, geboren am 1. August 1936, die \u00fcber viele Jahrzehnte hinweg die Entwicklung der heutigen Jakob Becker Gruppe ma\u00dfgeblich gepr\u00e4gt hat.Die Wurzeln des Familienunternehmens reichen bis ins Jahr 1898 zur\u00fcck. Mit ihrem Unternehmergeist, ihrer Entschlossenheit und&hellip;","coauthors":[],"tax_additional":{"categories":{"linked":["<a href=\"https:\/\/www.fck-basketball.de\/?cat=67\" class=\"advgb-post-tax-term\">Aktuelles<\/a>"],"unlinked":["<span class=\"advgb-post-tax-term\">Aktuelles<\/span>"]}},"comment_count":"0","relative_dates":{"created":"Posted 2\u00a0Monaten ago","modified":"Updated 2\u00a0Monaten ago"},"absolute_dates":{"created":"Posted on 13. M\u00e4rz 2026","modified":"Updated on 13. M\u00e4rz 2026"},"absolute_dates_time":{"created":"Posted on 13. M\u00e4rz 2026 10:46","modified":"Updated on 13. M\u00e4rz 2026 10:47"},"featured_img_caption":"","series_order":"","_links":{"self":[{"href":"https:\/\/www.fck-basketball.de\/index.php?rest_route=\/wp\/v2\/posts\/6429","targetHints":{"allow":["GET"]}}],"collection":[{"href":"https:\/\/www.fck-basketball.de\/index.php?rest_route=\/wp\/v2\/posts"}],"about":[{"href":"https:\/\/www.fck-basketball.de\/index.php?rest_route=\/wp\/v2\/types\/post"}],"author":[{"embeddable":true,"href":"https:\/\/www.fck-basketball.de\/index.php?rest_route=\/wp\/v2\/users\/1"}],"replies":[{"embeddable":true,"href":"https:\/\/www.fck-basketball.de\/index.php?rest_route=%2Fwp%2Fv2%2Fcomments&post=6429"}],"version-history":[{"count":1,"href":"https:\/\/www.fck-basketball.de\/index.php?rest_route=\/wp\/v2\/posts\/6429\/revisions"}],"predecessor-version":[{"id":6430,"href":"https:\/\/www.fck-basketball.de\/index.php?rest_route=\/wp\/v2\/posts\/6429\/revisions\/6430"}],"wp:featuredmedia":[{"embeddable":true,"href":"https:\/\/www.fck-basketball.de\/index.php?rest_route=\/wp\/v2\/media\/5883"}],"wp:attachment":[{"href":"https:\/\/www.fck-basketball.de\/index.php?rest_route=%2Fwp%2Fv2%2Fmedia&parent=6429"}],"wp:term":[{"taxonomy":"category","embeddable":true,"href":"https:\/\/www.fck-basketball.de\/index.php?rest_route=%2Fwp%2Fv2%2Fcategories&post=6429"},{"taxonomy":"post_tag","embeddable":true,"href":"https:\/\/www.fck-basketball.de\/index.php?rest_route=%2Fwp%2Fv2%2Ftags&post=6429"}],"curies":[{"name":"wp","href":"https:\/\/api.w.org\/{rel}","templated":true}]}}